{"id":132,"date":"2008-05-31T00:00:00","date_gmt":"2008-05-30T22:00:00","guid":{"rendered":"http:\/\/www.akor-online.de\/tst-ammerthal\/index.php\/2008\/05\/31\/landkreislauf-schwandorf-2008\/"},"modified":"2008-05-31T00:00:00","modified_gmt":"2008-05-30T22:00:00","slug":"landkreislauf-schwandorf-2008","status":"publish","type":"post","link":"https:\/\/www.tst-ammerthal.de\/index.php\/2008\/05\/31\/landkreislauf-schwandorf-2008\/","title":{"rendered":"Landkreislauf Schwandorf 2008"},"content":{"rendered":"<p align=\"justify\">Unter dem Namen LG Amberg\/Ammerthal gewannen wie schon im letzten Jahr L\u00c3\u00a4ufer des TST Ammerthal und der Skivereinigung Amberg den zweiten &#8222;offenen&#8220; Landkreislauf im Landkreis Schwandorf. Die befreundeten Vereine hielten auf den zehn Etappen von Oberviechtach, Pertolzhofen, Zangenstein, Schwarzhofen, Neunburg, Seebarn, Kleinwinklarn, Erzh\u00c3\u00a4user, Bodenw\u00c3\u00b6hr, Altenschwand nach Wackersdorf die Konkurrenz auf Distanz. Martin Becker, Vereinsmitglied des TST Ammerthal, der seit 12 Jahren in Wackersdorf wohnt, hatte nach der letzten Etappe im Ziel \u00c3\u00bcber 16 Minuten Vorsprung auf den Zweitplatzierten TSV Detag Wernberg. Der Lauf wurde wie der Landkreislauf Amberg-Sulzbach als Staffelwettbewerb ausgetragen und hatte eine L\u00c3\u00a4nge von knapp 62 km. Die Strecken waren zwischen 4,2 und 9,1 km lang, am Start waren 102 Lauf- und 112 Walking-Teams. Mit insgesamt 1356 Teilnehmern konnte der Veranstalter &#8222;Partner f\u00c3\u00bcr den Landkreis Schwandorf e.V.&#8220; einen Zuwachs gegen\u00c3\u00bcber dem Vorjahr verzeichnen. Die Verantwortlichen des Teams Stefan Schardt und Tobias Pl\u00c3\u00b6\u00c3\u0178l freuten sich nicht nur \u00c3\u00bcber den Sieg, sondern vor allem auch \u00c3\u00bcber den gemeinsamen Lauf. Weitere gemeinsame Aktionen werden bestimmt noch folgen. Beim n\u00c3\u00a4chsten Landkreislauf Amberg-Sulzbach am 16. Mai 2009 mit Ziel in Hahnbach werden die Vereine jedoch wieder gegeneinander antreten und um einen vorderen Platz k\u00c3\u00a4mpfen.<\/p>\n<p align=\"justify\">&nbsp;<\/p>\n<p align=\"justify\">\n<p align=\"justify\">v. l. n. r.: Markus Bauer, Martin Becker, Anton Graml, Sigi Schatz, Christian Mayer, Dieter Schneider, Tobias Pl\u00c3\u00b6\u00c3\u0178l, Uli Hirsch, Andreas R\u00c3\u00bchl<\/p>\n","protected":false},"excerpt":{"rendered":"<p>Unter dem Namen LG Amberg\/Ammerthal gewannen wie schon im letzten Jahr L\u00c3\u00a4ufer des TST Ammerthal und der Skivereinigung Amberg den zweiten &#8222;offenen&#8220; Landkreislauf im Landkreis Schwandorf. Die befreundeten Vereine hielten auf den zehn Etappen von&#8230;<\/p>\n","protected":false},"author":5,"featured_media":131,"comment_status":"closed","ping_status":"closed","sticky":false,"template":"","format":"standard","meta":{"footnotes":""},"categories":[1],"tags":[],"class_list":["post-132","post","type-post","status-publish","format-standard","has-post-thumbnail","hentry","category-allgemein"],"_links":{"self":[{"href":"https:\/\/www.tst-ammerthal.de\/index.php\/wp-json\/wp\/v2\/posts\/132","targetHints":{"allow":["GET"]}}],"collection":[{"href":"https:\/\/www.tst-ammerthal.de\/index.php\/wp-json\/wp\/v2\/posts"}],"about":[{"href":"https:\/\/www.tst-ammerthal.de\/index.php\/wp-json\/wp\/v2\/types\/post"}],"author":[{"embeddable":true,"href":"https:\/\/www.tst-ammerthal.de\/index.php\/wp-json\/wp\/v2\/users\/5"}],"replies":[{"embeddable":true,"href":"https:\/\/www.tst-ammerthal.de\/index.php\/wp-json\/wp\/v2\/comments?post=132"}],"version-history":[{"count":0,"href":"https:\/\/www.tst-ammerthal.de\/index.php\/wp-json\/wp\/v2\/posts\/132\/revisions"}],"wp:featuredmedia":[{"embeddable":true,"href":"https:\/\/www.tst-ammerthal.de\/index.php\/wp-json\/wp\/v2\/media\/131"}],"wp:attachment":[{"href":"https:\/\/www.tst-ammerthal.de\/index.php\/wp-json\/wp\/v2\/media?parent=132"}],"wp:term":[{"taxonomy":"category","embeddable":true,"href":"https:\/\/www.tst-ammerthal.de\/index.php\/wp-json\/wp\/v2\/categories?post=132"},{"taxonomy":"post_tag","embeddable":true,"href":"https:\/\/www.tst-ammerthal.de\/index.php\/wp-json\/wp\/v2\/tags?post=132"}],"curies":[{"name":"wp","href":"https:\/\/api.w.org\/{rel}","templated":true}]}}