{"id":142,"date":"2009-08-02T15:57:49","date_gmt":"2009-08-02T13:57:49","guid":{"rendered":"http:\/\/www.akor-online.de\/tst-ammerthal\/index.php\/2009\/08\/02\/frischer-wind-beim-tst-ammerthal\/"},"modified":"2009-08-02T15:57:49","modified_gmt":"2009-08-02T13:57:49","slug":"frischer-wind-beim-tst-ammerthal","status":"publish","type":"post","link":"https:\/\/www.tst-ammerthal.de\/index.php\/2009\/08\/02\/frischer-wind-beim-tst-ammerthal\/","title":{"rendered":"Frischer Wind beim TST Ammerthal!"},"content":{"rendered":"<p style=\"margin: 0cm 0cm 0pt\" class=\"caption\" align=\"justify\">Am 22.7.2009 kam der TST Ammerthal e.V. \u00c2\u00a0im Vereinsheim \u00e2\u20ac\u017eStodlwirt bei Petra\u00e2\u20ac\u0153 zur Neuwahl der Vorstandschaft zusammen. Am w\u00c3\u00a4rmeverw\u00c3\u00b6hnten Abend bot die Terrasse einen gem\u00c3\u00bctlich erfrischenden Rahmen. <\/p>\n<p style=\"margin: 0cm 0cm 0pt\" class=\"caption\" align=\"justify\">&nbsp;<\/p>\n<p style=\"margin: 0cm 0cm 0pt\" class=\"caption\" align=\"justify\">Dietmar Baer, kommissarischer 1. Vorstand, begr\u00c3\u00bc\u00c3\u0178te die Mitglieder herzlich und erinnerte mit einem Gedenken an das verstorbene Mitglied Reinhard Kordein. Rechtsanwalt Weber informierte \u00c3\u00bcber den aktuellen juristischen Sachstand. Dietmar Baer leitete die anschlie\u00c3\u0178ende Vorstandswahl, in deren Verlauf mit \u00c3\u00bcberw\u00c3\u00a4ltigender Mehrheit eine neue Vorstandschaft gew\u00c3\u00a4hlt wurde.<\/p>\n<p style=\"margin: 0cm 0cm 0pt\" class=\"caption\" align=\"justify\">&nbsp;<\/p>\n<p style=\"margin: 0cm 0cm 0pt\" class=\"caption\" align=\"justify\">\n<p class=\"caption\" align=\"justify\">v. l. n. r.: Schriftf\u00c3\u00bchrer Andreas R\u00c3\u00bchl, 2. Vorsitzender Peter Simon jun., 1. Vorsitzender Bernhard Simon, Spartenleiter Tennis Helmut Reis, Spartenleiter Laufen Stefan Schardt, Kassiererin Silke W\u00c3\u00b6llmer, 2. B\u00c3\u00bcrgermeister Georg Paulus, 1. B\u00c3\u00bcrgermeisterin Alexandra Czarnec und 3. B\u00c3\u00bcrgermeister Hans Weber. Es fehlt: Spartenleiter Volleyball J\u00c3\u00b6rg Dittrich.<\/p>\n<p class=\"caption\" align=\"justify\">&nbsp;<\/p>\n<p class=\"caption\" align=\"justify\">B\u00c3\u00bcrgermeisterin Alexandra Czarnec und Altb\u00c3\u00bcrgermeister Alois Simon dr\u00c3\u00bcckten in ihren Gru\u00c3\u0178worten Zufriedenheit \u00c3\u00bcber die Neuwahl aus und w\u00c3\u00bcnschten dem TST mit der neuen Vorstandschaft an der Spitze viel Erfolg.<\/p>\n<p style=\"margin: 0cm 0cm 0pt\" class=\"caption\" align=\"justify\">&nbsp;<\/p>\n<p style=\"margin: 0cm 0cm 0pt\" class=\"caption\" align=\"justify\">Beide ersten Vorst\u00c3\u00a4nde \u00e2\u20ac\u201c Dietmar Baer, der die vergangenen vier Jahre Aktive und bis dato kommissarische und Bernhard Simon, neuer 1. Vorsitzender &#8211; dankten ihrer alten und neuen Vorstandschaft. Mit Sekt, Blumen, Candleligth-Dinner- und Sportgutscheinen, einer urig edlen Bier- und Weinkiste mit Theaterkarten wurden ausscheidendende Vorstandsmitglieder f\u00c3\u00bcr ihre ehrenamtliche T\u00c3\u00a4tigkeit herzlich geehrt. Bernhard Simon bat alle Mitglieder um Unterst\u00c3\u00bctzung bei der Vereinsarbeit und schloss die Versammlung.<\/p>\n<p style=\"margin: 0cm 0cm 0pt\" class=\"caption\" align=\"justify\">&nbsp;<\/p>\n<p style=\"margin: 0cm 0cm 0pt\" class=\"caption\" align=\"justify\">Die neue Vorstandschaft kam zum konstituierenden Treffen zusammen. Der erste Schritt f\u00c3\u00bcr die zuk\u00c3\u00bcnftige Arbeit ist getan. Ammerthals B\u00c3\u00bcrgermeister Alexandra Czarnec, Georg Paulus und Johann Weber sicherten dem TST ihre Unterst\u00c3\u00bctzung zu. <\/p>\n<p style=\"margin: 0cm 0cm 0pt\" class=\"caption\" align=\"justify\">&nbsp;<\/p>\n<p style=\"margin: 0cm 0cm 0pt\" class=\"caption\" align=\"justify\">Doch nun auf in die Sommerferien! Move your body! Die Trainingszeiten sind in den Rubriken der einzelnen Sparten ersichtlich! <\/p>\n<p style=\"margin: 0cm 0cm 0pt\" class=\"caption\" align=\"justify\">&nbsp;<\/p>\n<p style=\"margin: 0cm 0cm 0pt\" class=\"caption\" align=\"justify\">In diesem Sinne: Aktive, erholsame und bereichernde Ferien!!<\/p>\n","protected":false},"excerpt":{"rendered":"<p>Am 22.7.2009 kam der TST Ammerthal e.V. \u00c2\u00a0im Vereinsheim \u00e2\u20ac\u017eStodlwirt bei Petra\u00e2\u20ac\u0153 zur Neuwahl der Vorstandschaft zusammen. Am w\u00c3\u00a4rmeverw\u00c3\u00b6hnten Abend bot die Terrasse einen gem\u00c3\u00bctlich erfrischenden Rahmen. &nbsp; Dietmar Baer, kommissarischer 1. Vorstand, begr\u00c3\u00bc\u00c3\u0178te die&#8230;<\/p>\n","protected":false},"author":5,"featured_media":141,"comment_status":"closed","ping_status":"closed","sticky":false,"template":"","format":"standard","meta":{"footnotes":""},"categories":[1],"tags":[],"class_list":["post-142","post","type-post","status-publish","format-standard","has-post-thumbnail","hentry","category-allgemein"],"_links":{"self":[{"href":"https:\/\/www.tst-ammerthal.de\/index.php\/wp-json\/wp\/v2\/posts\/142","targetHints":{"allow":["GET"]}}],"collection":[{"href":"https:\/\/www.tst-ammerthal.de\/index.php\/wp-json\/wp\/v2\/posts"}],"about":[{"href":"https:\/\/www.tst-ammerthal.de\/index.php\/wp-json\/wp\/v2\/types\/post"}],"author":[{"embeddable":true,"href":"https:\/\/www.tst-ammerthal.de\/index.php\/wp-json\/wp\/v2\/users\/5"}],"replies":[{"embeddable":true,"href":"https:\/\/www.tst-ammerthal.de\/index.php\/wp-json\/wp\/v2\/comments?post=142"}],"version-history":[{"count":0,"href":"https:\/\/www.tst-ammerthal.de\/index.php\/wp-json\/wp\/v2\/posts\/142\/revisions"}],"wp:featuredmedia":[{"embeddable":true,"href":"https:\/\/www.tst-ammerthal.de\/index.php\/wp-json\/wp\/v2\/media\/141"}],"wp:attachment":[{"href":"https:\/\/www.tst-ammerthal.de\/index.php\/wp-json\/wp\/v2\/media?parent=142"}],"wp:term":[{"taxonomy":"category","embeddable":true,"href":"https:\/\/www.tst-ammerthal.de\/index.php\/wp-json\/wp\/v2\/categories?post=142"},{"taxonomy":"post_tag","embeddable":true,"href":"https:\/\/www.tst-ammerthal.de\/index.php\/wp-json\/wp\/v2\/tags?post=142"}],"curies":[{"name":"wp","href":"https:\/\/api.w.org\/{rel}","templated":true}]}}