{"id":1702,"date":"2025-07-07T09:36:50","date_gmt":"2025-07-07T07:36:50","guid":{"rendered":"https:\/\/www.tst-ammerthal.de\/?p=1702"},"modified":"2025-07-07T09:47:04","modified_gmt":"2025-07-07T07:47:04","slug":"fichtelgebirgshalbmarathon","status":"publish","type":"post","link":"https:\/\/www.tst-ammerthal.de\/index.php\/2025\/07\/07\/fichtelgebirgshalbmarathon\/","title":{"rendered":"Fichtelgebirgshalbmarathon"},"content":{"rendered":"\n<p>Die L\u00e4ufer waren wieder einmal unterwegs. Diesmal ging es in das Fichtelgebirge zu einem anstrengenden Halbmarathon mit vielem auf und ab. 400 H\u00f6henmeter waren zu \u00fcberwinden, um dann im Zieleinlauf bergan mit Treppen durch den Zielbogen zulaufen. Ein landschaftlich sehr sch\u00f6ner Lauf durch das Fichtelgebirge mit hervorragender Betreuung durch das Organisationsteam erm\u00f6glichte, auch wenn es anstrengend war, ein super Lauferlebnis. In ihrer Altersklasse konnten Klaus Hanske und Heinz W\u00f6llmer die Pl\u00e4tze 2 und 3 belegen. F\u00fcr Maik Hengmith reichte es in seiner Altersklasse zu Platz 5. Unser Laufmaskottchen Lydia traute sich nach langer Zeit \u00fcber die 10km Strecke, konnte eine gute Zeit erreichen und freute sich \u00fcber einen schmerzfreien Lauf! Auf zum n\u00e4chsten Lauf &#8230;<\/p>\n","protected":false},"excerpt":{"rendered":"<p>Die L\u00e4ufer waren wieder einmal unterwegs. Diesmal ging es in das Fichtelgebirge zu einem anstrengenden Halbmarathon mit vielem auf und ab. 400 H\u00f6henmeter waren zu \u00fcberwinden, um dann im Zieleinlauf bergan mit Treppen durch den&#8230;<\/p>\n","protected":false},"author":3,"featured_media":1703,"comment_status":"closed","ping_status":"closed","sticky":false,"template":"","format":"standard","meta":{"footnotes":""},"categories":[4],"tags":[],"class_list":["post-1702","post","type-post","status-publish","format-standard","has-post-thumbnail","hentry","category-laufen"],"_links":{"self":[{"href":"https:\/\/www.tst-ammerthal.de\/index.php\/wp-json\/wp\/v2\/posts\/1702","targetHints":{"allow":["GET"]}}],"collection":[{"href":"https:\/\/www.tst-ammerthal.de\/index.php\/wp-json\/wp\/v2\/posts"}],"about":[{"href":"https:\/\/www.tst-ammerthal.de\/index.php\/wp-json\/wp\/v2\/types\/post"}],"author":[{"embeddable":true,"href":"https:\/\/www.tst-ammerthal.de\/index.php\/wp-json\/wp\/v2\/users\/3"}],"replies":[{"embeddable":true,"href":"https:\/\/www.tst-ammerthal.de\/index.php\/wp-json\/wp\/v2\/comments?post=1702"}],"version-history":[{"count":2,"href":"https:\/\/www.tst-ammerthal.de\/index.php\/wp-json\/wp\/v2\/posts\/1702\/revisions"}],"predecessor-version":[{"id":1706,"href":"https:\/\/www.tst-ammerthal.de\/index.php\/wp-json\/wp\/v2\/posts\/1702\/revisions\/1706"}],"wp:featuredmedia":[{"embeddable":true,"href":"https:\/\/www.tst-ammerthal.de\/index.php\/wp-json\/wp\/v2\/media\/1703"}],"wp:attachment":[{"href":"https:\/\/www.tst-ammerthal.de\/index.php\/wp-json\/wp\/v2\/media?parent=1702"}],"wp:term":[{"taxonomy":"category","embeddable":true,"href":"https:\/\/www.tst-ammerthal.de\/index.php\/wp-json\/wp\/v2\/categories?post=1702"},{"taxonomy":"post_tag","embeddable":true,"href":"https:\/\/www.tst-ammerthal.de\/index.php\/wp-json\/wp\/v2\/tags?post=1702"}],"curies":[{"name":"wp","href":"https:\/\/api.w.org\/{rel}","templated":true}]}}