{"id":175,"date":"2009-12-09T13:36:30","date_gmt":"2009-12-09T12:36:30","guid":{"rendered":"http:\/\/www.akor-online.de\/tst-ammerthal\/index.php\/2009\/12\/09\/der-tst-kam-sah-und-siegte\/"},"modified":"2009-12-09T13:36:30","modified_gmt":"2009-12-09T12:36:30","slug":"der-tst-kam-sah-und-siegte","status":"publish","type":"post","link":"https:\/\/www.tst-ammerthal.de\/index.php\/2009\/12\/09\/der-tst-kam-sah-und-siegte\/","title":{"rendered":"Der TST kam, sah und siegte! Volleyballer gewinnen Stadtmeisterschaft in Amberg."},"content":{"rendered":"<p><!--[if gte mso 9]><xml>  <w:WordDocument>   <w:View>Normal<\/w:View>   <w:Zoom>0<\/w:Zoom>   <w:HyphenationZone>21<\/w:HyphenationZone>   <w:PunctuationKerning\/>   <w:ValidateAgainstSchemas\/>   <w:SaveIfXMLInvalid>false<\/w:SaveIfXMLInvalid>   <w:IgnoreMixedContent>false<\/w:IgnoreMixedContent>   <w:AlwaysShowPlaceholderText>false<\/w:AlwaysShowPlaceholderText>   <w:Compatibility>    <w:BreakWrappedTables\/>    <w:SnapToGridInCell\/>    <w:WrapTextWithPunct\/>    <w:UseAsianBreakRules\/>    <w:DontGrowAutofit\/>   <\/w:Compatibility>   <w:BrowserLevel>MicrosoftInternetExplorer4<\/w:BrowserLevel>  <\/w:WordDocument> <\/xml><![endif]--><!--[if gte mso 9]><xml>  <w:LatentStyles DefLockedState=\"false\" LatentStyleCount=\"156\">  <\/w:LatentStyles> <\/xml><![endif]--> <!--  \/* Style Definitions *\/  p.MsoNormal, li.MsoNormal, div.MsoNormal \t{mso-style-parent:\"\"; \tmargin:0cm; \tmargin-bottom:.0001pt; \tmso-pagination:widow-orphan; \tfont-size:12.0pt; \tfont-family:\"Times New Roman\"; \tmso-fareast-font-family:\"Times New Roman\";} @page Section1 \t{size:612.0pt 792.0pt; \tmargin:70.85pt 70.85pt 2.0cm 70.85pt; \tmso-header-margin:36.0pt; \tmso-footer-margin:36.0pt; \tmso-paper-source:0;} div.Section1 \t{page:Section1;} --> <!--[if gte mso 10]> \n\n<style>  \/* Style Definitions *\/  table.MsoNormalTable \t{mso-style-name:\"Normale Tabelle\"; \tmso-tstyle-rowband-size:0; \tmso-tstyle-colband-size:0; \tmso-style-noshow:yes; \tmso-style-parent:\"\"; \tmso-padding-alt:0cm 5.4pt 0cm 5.4pt; \tmso-para-margin:0cm; \tmso-para-margin-bottom:.0001pt; \tmso-pagination:widow-orphan; \tfont-size:10.0pt; \tfont-family:\"Times New Roman\"; \tmso-ansi-language:#0400; \tmso-fareast-language:#0400; \tmso-bidi-language:#0400;} <\/style>\n\n <![endif]-->  <\/p>\n<p class=\"MsoNormal\"><span>Ort des Geschehens: Sporthalle der Luitpoldschule in Amberg<\/span><\/p>\n<p class=\"MsoNormal\"><span>Zeitpunkt: 22.11.2009<\/span><\/p>\n<p class=\"MsoNormal\"><span>\u00c2\u00a0<\/span><\/p>\n<p style=\"text-align: justify\" class=\"MsoNormal\"><span>In der Leistungsklasse II nahm eine Auswahl der TST-Volleyballer bei der diesj\u00c3\u00a4hrigen Stadtmeisterschaft teil und holte mit 9 gewonnenen S\u00c3\u00a4tzen (Zeits\u00c3\u00a4tze zu jeweils 12 Minuten) den Titel. Im Wettstreit mit 6 anderen Mannschaften aus Amberg und Umgebung gab das Team lediglich 3 S\u00c3\u00a4tze aus der Hand und wurde so mit deutlichem Abstand auf den Zweitplatzierten Meister. <span>\u00c2\u00a0<\/span><\/span><\/p>\n<p style=\"text-align: justify\" class=\"MsoNormal\"><span>\u00c2\u00a0<\/span><\/p>\n<p class=\"MsoNormal\"><span>Das Team in der \u00c3\u0153bersicht:<\/span><\/p>\n<p class=\"MsoNormal\"><span>Dittrich J\u00c3\u00b6rg (der Chef), Schneider Ingrid (d\u00e2\u20ac\u2122Chefin), Klemenz Dietmar (das Auge), Kirschner Jan (der junge Wilde), Tessmann Daniel (der Monsterblocker), Schmid Tobias (der Bolzer), Hengmith Maik (der Ruhige), Hengmith Anke (die Vorbildliche)<\/span><\/p>\n<p class=\"MsoNormal\"><span>\u00c2\u00a0<\/span><\/p>\n<p style=\"text-align: justify\" class=\"MsoNormal\"><span>Eine kleine Siegesfeier zu Ehren der \u00c3\u00bcberzeugenden Auswahl bildete den Auftakt zum n\u00c3\u00a4chsten Volleyballtraining in gro\u00c3\u0178er Runde. Die Freude und der sportliche \u00e2\u20ac\u017eRausch\u00e2\u20ac\u0153 waren auch zur Weihnachtsfeier der Volleyballer noch zu sp\u00c3\u00bcren. Sie sind ein gutes Team &#8211; die TST-Volleyballer und ihr Chef.<\/span><\/p>\n<p style=\"text-align: justify\" class=\"MsoNormal\"><a href=\"index.php\/fotogalerie\/category\/11-volleyball-stadtmeisterschaft-amberg-am-22112009\">Hier geht&#8217;s zu den Bildern! <\/a><\/p>\n","protected":false},"excerpt":{"rendered":"<p>Ort des Geschehens: Sporthalle der Luitpoldschule in Amberg Zeitpunkt: 22.11.2009 \u00c2\u00a0 In der Leistungsklasse II nahm eine Auswahl der TST-Volleyballer bei der diesj\u00c3\u00a4hrigen Stadtmeisterschaft teil und holte mit 9 gewonnenen S\u00c3\u00a4tzen (Zeits\u00c3\u00a4tze zu jeweils 12&#8230;<\/p>\n","protected":false},"author":5,"featured_media":0,"comment_status":"closed","ping_status":"closed","sticky":false,"template":"","format":"standard","meta":{"footnotes":""},"categories":[1],"tags":[],"class_list":["post-175","post","type-post","status-publish","format-standard","hentry","category-allgemein"],"_links":{"self":[{"href":"https:\/\/www.tst-ammerthal.de\/index.php\/wp-json\/wp\/v2\/posts\/175","targetHints":{"allow":["GET"]}}],"collection":[{"href":"https:\/\/www.tst-ammerthal.de\/index.php\/wp-json\/wp\/v2\/posts"}],"about":[{"href":"https:\/\/www.tst-ammerthal.de\/index.php\/wp-json\/wp\/v2\/types\/post"}],"author":[{"embeddable":true,"href":"https:\/\/www.tst-ammerthal.de\/index.php\/wp-json\/wp\/v2\/users\/5"}],"replies":[{"embeddable":true,"href":"https:\/\/www.tst-ammerthal.de\/index.php\/wp-json\/wp\/v2\/comments?post=175"}],"version-history":[{"count":0,"href":"https:\/\/www.tst-ammerthal.de\/index.php\/wp-json\/wp\/v2\/posts\/175\/revisions"}],"wp:attachment":[{"href":"https:\/\/www.tst-ammerthal.de\/index.php\/wp-json\/wp\/v2\/media?parent=175"}],"wp:term":[{"taxonomy":"category","embeddable":true,"href":"https:\/\/www.tst-ammerthal.de\/index.php\/wp-json\/wp\/v2\/categories?post=175"},{"taxonomy":"post_tag","embeddable":true,"href":"https:\/\/www.tst-ammerthal.de\/index.php\/wp-json\/wp\/v2\/tags?post=175"}],"curies":[{"name":"wp","href":"https:\/\/api.w.org\/{rel}","templated":true}]}}